{"id":132,"date":"2022-05-16T10:20:59","date_gmt":"2022-05-16T08:20:59","guid":{"rendered":"https:\/\/catedrakrystaline.umh.es\/?p=132"},"modified":"2022-05-16T10:20:59","modified_gmt":"2022-05-16T08:20:59","slug":"reunion-de-la-catedra-con-el-nuevo-responsable-de-la-empresa-krystaline-para-sudamerica","status":"publish","type":"post","link":"https:\/\/catedrakrystaline.umh.es\/en\/2022\/05\/16\/reunion-de-la-catedra-con-el-nuevo-responsable-de-la-empresa-krystaline-para-sudamerica\/","title":{"rendered":"<span lang=\"es\">(Espa\u00f1ol) Reuni\u00f3n de la C\u00e1tedra  con el nuevo responsable de la empresa Krystaline para Sudam\u00e9rica<\/span>"},"content":{"rendered":"<p class=\"qtranxs-available-languages-message qtranxs-available-languages-message-en\">Sorry, this entry is only available in <a href=\"https:\/\/catedrakrystaline.umh.es\/es\/wp-json\/wp\/v2\/posts\/132\" class=\"qtranxs-available-language-link qtranxs-available-language-link-es\" title=\"Espa\u00f1ol\">European Spanish<\/a>.<\/p>","protected":false},"excerpt":{"rendered":"<p>Sorry, this entry is only available in European Spanish.<\/p>\n","protected":false},"author":126,"featured_media":0,"comment_status":"closed","ping_status":"open","sticky":false,"template":"","format":"standard","meta":{"_links_to":"","_links_to_target":""},"categories":[228],"tags":[],"_links":{"self":[{"href":"https:\/\/catedrakrystaline.umh.es\/en\/wp-json\/wp\/v2\/posts\/132"}],"collection":[{"href":"https:\/\/catedrakrystaline.umh.es\/en\/wp-json\/wp\/v2\/posts"}],"about":[{"href":"https:\/\/catedrakrystaline.umh.es\/en\/wp-json\/wp\/v2\/types\/post"}],"author":[{"embeddable":true,"href":"https:\/\/catedrakrystaline.umh.es\/en\/wp-json\/wp\/v2\/users\/126"}],"replies":[{"embeddable":true,"href":"https:\/\/catedrakrystaline.umh.es\/en\/wp-json\/wp\/v2\/comments?post=132"}],"version-history":[{"count":0,"href":"https:\/\/catedrakrystaline.umh.es\/en\/wp-json\/wp\/v2\/posts\/132\/revisions"}],"wp:attachment":[{"href":"https:\/\/catedrakrystaline.umh.es\/en\/wp-json\/wp\/v2\/media?parent=132"}],"wp:term":[{"taxonomy":"category","embeddable":true,"href":"https:\/\/catedrakrystaline.umh.es\/en\/wp-json\/wp\/v2\/categories?post=132"},{"taxonomy":"post_tag","embeddable":true,"href":"https:\/\/catedrakrystaline.umh.es\/en\/wp-json\/wp\/v2\/tags?post=132"}],"curies":[{"name":"wp","href":"https:\/\/api.w.org\/{rel}","templated":true}]}}